{"id":1036,"date":"2024-08-03T17:19:01","date_gmt":"2024-08-03T17:19:01","guid":{"rendered":"https:\/\/senhorafrutta.com.br\/index.php\/2024\/08\/03\/nordeste-tem-segundo-recorde-consecutivo-de-geracao-de-energia-eolica\/"},"modified":"2024-08-03T17:19:01","modified_gmt":"2024-08-03T17:19:01","slug":"nordeste-tem-segundo-recorde-consecutivo-de-geracao-de-energia-eolica","status":"publish","type":"post","link":"https:\/\/senhorafrutta.com.br\/index.php\/2024\/08\/03\/nordeste-tem-segundo-recorde-consecutivo-de-geracao-de-energia-eolica\/","title":{"rendered":"Nordeste tem segundo recorde consecutivo de gera\u00e7\u00e3o de energia e\u00f3lica"},"content":{"rendered":"<div>Foto: Pixabay<\/div>\n<p>A Regi\u00e3o Nordeste registrou, na quinta-feira (1), o segundo recorde consecutivo do ano na gera\u00e7\u00e3o de energia e\u00f3lica, segundo o Operador Nacional do Sistema El\u00e9trico <strong><a href=\"https:\/\/www.ons.org.br\/\">(ONS)<\/a><\/strong>. <\/p>\n<p>O registro, realizado \u00e0s 5h48, foi da gera\u00e7\u00e3o de 19.083 MW de pot\u00eancia, n\u00famero que equivale a <strong>180,4%<\/strong> de toda demanda da regi\u00e3o naquele momento.<\/p>\n<p><em>Confira na palma da m\u00e3o informa\u00e7\u00f5es quentes sobre agricultura, pecu\u00e1ria, economia\u00a0e previs\u00e3o do tempo:<\/em><strong>\u00a0<\/strong><a href=\"https:\/\/www.whatsapp.com\/channel\/0029Va9VnZxGk1FplZjiW43k\"><strong>Siga o Canal Rural no WhatsApp<\/strong><\/a>!<\/p>\n<p>O recorde anterior foi verificado no dia 27 de julho, quando o ONS registrou 19.028 MW gerados na fonte e\u00f3lica na <strong><a href=\"https:\/\/www.canalrural.com.br\/?s=Nordeste\">Regi\u00e3o Nordeste<\/a><\/strong> brasileira. De acordo com a entidade, isso seria suficiente para, naquele momento, abastecer todo o Nordeste e ainda atender \u00e0 demanda dos estados do Rio de Janeiro e Goi\u00e1s.<\/p>\n<p>Ainda de acordo com a pasta, o per\u00edodo entre os meses de julho e setembro \u00e9 conhecido como temporada dos ventos, o que aumenta a possibilidade de que novos registros in\u00e9ditos de energia sejam verificados nas semanas seguintes.<\/p>\n<p>O post <a href=\"https:\/\/www.canalrural.com.br\/nacional\/nordeste-tem-segundo-recorde-consecutivo-de-geracao-de-energia-eolica\/\">Nordeste tem segundo recorde consecutivo de gera\u00e7\u00e3o de energia e\u00f3lica<\/a> apareceu primeiro em <a href=\"https:\/\/www.canalrural.com.br\/\">Canal Rural<\/a>.<\/p>","protected":false},"excerpt":{"rendered":"<p>Foto: Pixabay A Regi\u00e3o Nordeste registrou, na quinta-feira (1), o segundo recorde consecutivo do ano na gera\u00e7\u00e3o de energia e\u00f3lica, segundo o Operador Nacional do Sistema El\u00e9trico (ONS). O registro, realizado \u00e0s 5h48, foi da gera\u00e7\u00e3o de 19.083 MW de pot\u00eancia, n\u00famero que equivale a 180,4% de toda demanda da regi\u00e3o naquele momento. Confira na palma da m\u00e3o informa\u00e7\u00f5es quentes sobre agricultura, pecu\u00e1ria, economia\u00a0e previs\u00e3o do tempo:\u00a0Siga o Canal Rural no WhatsApp! O recorde anterior foi verificado no dia 27 de julho, quando o ONS registrou 19.028 MW gerados na fonte e\u00f3lica na Regi\u00e3o Nordeste brasileira. De acordo com a entidade, isso seria suficiente para, naquele momento, abastecer todo o Nordeste e ainda atender \u00e0 demanda dos estados do Rio de Janeiro e Goi\u00e1s. Ainda de acordo com a pasta, o per\u00edodo entre os meses de julho e setembro \u00e9 conhecido como temporada dos ventos, o que aumenta a possibilidade de que novos registros in\u00e9ditos de energia sejam verificados nas semanas seguintes. O post Nordeste tem segundo recorde consecutivo de gera\u00e7\u00e3o de energia e\u00f3lica apareceu primeiro em Canal Rural.<\/p>\n","protected":false},"author":0,"featured_media":0,"comment_status":"open","ping_status":"open","sticky":false,"template":"","format":"standard","meta":{"_monsterinsights_skip_tracking":false,"_monsterinsights_sitenote_active":false,"_monsterinsights_sitenote_note":"","_monsterinsights_sitenote_category":0,"footnotes":""},"categories":[1],"tags":[],"class_list":["post-1036","post","type-post","status-publish","format-standard","hentry","category-agronegocio"],"_links":{"self":[{"href":"https:\/\/senhorafrutta.com.br\/index.php\/wp-json\/wp\/v2\/posts\/1036","targetHints":{"allow":["GET"]}}],"collection":[{"href":"https:\/\/senhorafrutta.com.br\/index.php\/wp-json\/wp\/v2\/posts"}],"about":[{"href":"https:\/\/senhorafrutta.com.br\/index.php\/wp-json\/wp\/v2\/types\/post"}],"replies":[{"embeddable":true,"href":"https:\/\/senhorafrutta.com.br\/index.php\/wp-json\/wp\/v2\/comments?post=1036"}],"version-history":[{"count":0,"href":"https:\/\/senhorafrutta.com.br\/index.php\/wp-json\/wp\/v2\/posts\/1036\/revisions"}],"wp:attachment":[{"href":"https:\/\/senhorafrutta.com.br\/index.php\/wp-json\/wp\/v2\/media?parent=1036"}],"wp:term":[{"taxonomy":"category","embeddable":true,"href":"https:\/\/senhorafrutta.com.br\/index.php\/wp-json\/wp\/v2\/categories?post=1036"},{"taxonomy":"post_tag","embeddable":true,"href":"https:\/\/senhorafrutta.com.br\/index.php\/wp-json\/wp\/v2\/tags?post=1036"}],"curies":[{"name":"wp","href":"https:\/\/api.w.org\/{rel}","templated":true}]}}