{"id":1034,"date":"2024-08-03T18:05:14","date_gmt":"2024-08-03T18:05:14","guid":{"rendered":"https:\/\/senhorafrutta.com.br\/index.php\/2024\/08\/03\/duas-novas-frentes-frias-provocarao-temporais-e-baixas-temperaturas-veja-quando-e-onde\/"},"modified":"2024-08-03T18:05:14","modified_gmt":"2024-08-03T18:05:14","slug":"duas-novas-frentes-frias-provocarao-temporais-e-baixas-temperaturas-veja-quando-e-onde","status":"publish","type":"post","link":"https:\/\/senhorafrutta.com.br\/index.php\/2024\/08\/03\/duas-novas-frentes-frias-provocarao-temporais-e-baixas-temperaturas-veja-quando-e-onde\/","title":{"rendered":"Duas novas frentes frias provocar\u00e3o temporais e baixas temperaturas; veja quando e onde"},"content":{"rendered":"<div>Foto: Inmet\/reprodu\u00e7\u00e3o<\/div>\n<p>Uma nova frente fria avan\u00e7ar\u00e1 pelo Sul do Brasil neste final de semana, trazendo mudan\u00e7as significativas no tempo, especialmente no <strong><a href=\"https:\/\/www.canalrural.com.br\/nacional\/rio-grande-do-sul\/\">Rio Grande do Sul<\/a><\/strong>. <\/p>\n<p>O sistema ficar\u00e1 estacionado na Regi\u00e3o, elevando os volumes de chuva e trazendo alertas para temporais, de acordo com a <strong><a href=\"https:\/\/www.climatempo.com.br\/\">Climatempo<\/a><\/strong>.<\/p>\n<h2 class=\"wp-block-heading\">Primeira frente fria de agosto<\/h2>\n<p>Foto: Climatempo<\/p>\n<p>A primeira frente fria de agosto chega ao Rio Grande do Sul neste final de semana, favorecendo a ocorr\u00eancia de chuvas. No mapa acima, \u00e9 poss\u00edvel notar que o destaque fica para a faixa centro-sul do estado. <\/p>\n<p>Assim, os acumulados de chuva entre este s\u00e1bado e segunda-feira (5) s\u00e3o significativos, com \u00e1reas em vermelho e laranja, representando a regi\u00e3o central e o Vale do Rio Grande do Sul, onde os acumulados poder\u00e3o superar <strong>100 mm<\/strong> ao longo do final de semana.<\/p>\n<h2 class=\"wp-block-heading\">Mais uma na pr\u00f3xima semana<\/h2>\n<p>Al\u00e9m da frente fria que afetar\u00e1 o Rio Grande do Sul neste final de semana, os modelos meteorol\u00f3gicos indicam o avan\u00e7o de um novo sistema j\u00e1 no decorrer dos pr\u00f3ximos dias com for\u00e7a o suficiente para provocar mudan\u00e7as no tempo em outros estados do centro-sul do Brasil no pr\u00f3ximo final de semana. <\/p>\n<p>Este sistema trar\u00e1 chuva e ser\u00e1 acompanhado por uma massa de ar polar que derrubar\u00e1 as temperaturas em amplas \u00e1reas entre os dias <strong>9 e 12 de agosto<\/strong>.<\/p>\n<p>O post <a href=\"https:\/\/www.canalrural.com.br\/tempo\/duas-novas-frentes-frias-provocarao-temporais-e-baixas-temperaturas-veja-quando-e-onde\/\">Duas novas frentes frias provocar\u00e3o temporais e baixas temperaturas; veja quando e onde<\/a> apareceu primeiro em <a href=\"https:\/\/www.canalrural.com.br\/\">Canal Rural<\/a>.<\/p>","protected":false},"excerpt":{"rendered":"<p>Foto: Inmet\/reprodu\u00e7\u00e3o Uma nova frente fria avan\u00e7ar\u00e1 pelo Sul do Brasil neste final de semana, trazendo mudan\u00e7as significativas no tempo, especialmente no Rio Grande do Sul. O sistema ficar\u00e1 estacionado na Regi\u00e3o, elevando os volumes de chuva e trazendo alertas para temporais, de acordo com a Climatempo. Primeira frente fria de agosto Foto: Climatempo A primeira frente fria de agosto chega ao Rio Grande do Sul neste final de semana, favorecendo a ocorr\u00eancia de chuvas. No mapa acima, \u00e9 poss\u00edvel notar que o destaque fica para a faixa centro-sul do estado. Assim, os acumulados de chuva entre este s\u00e1bado e segunda-feira (5) s\u00e3o significativos, com \u00e1reas em vermelho e laranja, representando a regi\u00e3o central e o Vale do Rio Grande do Sul, onde os acumulados poder\u00e3o superar 100 mm ao longo do final de semana. Mais uma na pr\u00f3xima semana Al\u00e9m da frente fria que afetar\u00e1 o Rio Grande do Sul neste final de semana, os modelos meteorol\u00f3gicos indicam o avan\u00e7o de um novo sistema j\u00e1 no decorrer dos pr\u00f3ximos dias com for\u00e7a o suficiente para provocar mudan\u00e7as no tempo em outros estados do centro-sul do Brasil no pr\u00f3ximo final de semana. Este sistema trar\u00e1 chuva e ser\u00e1 acompanhado por uma massa de ar polar que derrubar\u00e1 as temperaturas em amplas \u00e1reas entre os dias 9 e 12 de agosto. O post Duas novas frentes frias provocar\u00e3o temporais e baixas temperaturas; veja quando e onde apareceu primeiro em Canal Rural.<\/p>\n","protected":false},"author":0,"featured_media":0,"comment_status":"open","ping_status":"open","sticky":false,"template":"","format":"standard","meta":{"_monsterinsights_skip_tracking":false,"_monsterinsights_sitenote_active":false,"_monsterinsights_sitenote_note":"","_monsterinsights_sitenote_category":0,"footnotes":""},"categories":[1],"tags":[],"class_list":["post-1034","post","type-post","status-publish","format-standard","hentry","category-agronegocio"],"_links":{"self":[{"href":"https:\/\/senhorafrutta.com.br\/index.php\/wp-json\/wp\/v2\/posts\/1034","targetHints":{"allow":["GET"]}}],"collection":[{"href":"https:\/\/senhorafrutta.com.br\/index.php\/wp-json\/wp\/v2\/posts"}],"about":[{"href":"https:\/\/senhorafrutta.com.br\/index.php\/wp-json\/wp\/v2\/types\/post"}],"replies":[{"embeddable":true,"href":"https:\/\/senhorafrutta.com.br\/index.php\/wp-json\/wp\/v2\/comments?post=1034"}],"version-history":[{"count":0,"href":"https:\/\/senhorafrutta.com.br\/index.php\/wp-json\/wp\/v2\/posts\/1034\/revisions"}],"wp:attachment":[{"href":"https:\/\/senhorafrutta.com.br\/index.php\/wp-json\/wp\/v2\/media?parent=1034"}],"wp:term":[{"taxonomy":"category","embeddable":true,"href":"https:\/\/senhorafrutta.com.br\/index.php\/wp-json\/wp\/v2\/categories?post=1034"},{"taxonomy":"post_tag","embeddable":true,"href":"https:\/\/senhorafrutta.com.br\/index.php\/wp-json\/wp\/v2\/tags?post=1034"}],"curies":[{"name":"wp","href":"https:\/\/api.w.org\/{rel}","templated":true}]}}