{"id":1020,"date":"2024-08-02T15:10:08","date_gmt":"2024-08-02T15:10:08","guid":{"rendered":"https:\/\/senhorafrutta.com.br\/index.php\/2024\/08\/02\/video-incendio-atinge-frigorifico-de-frangos-no-parana\/"},"modified":"2024-08-02T15:10:08","modified_gmt":"2024-08-02T15:10:08","slug":"video-incendio-atinge-frigorifico-de-frangos-no-parana","status":"publish","type":"post","link":"https:\/\/senhorafrutta.com.br\/index.php\/2024\/08\/02\/video-incendio-atinge-frigorifico-de-frangos-no-parana\/","title":{"rendered":"V\u00cdDEO: inc\u00eandio atinge frigor\u00edfico de frangos no Paran\u00e1"},"content":{"rendered":"<div><\/div>\n<p>A BRF informou que ocorreu um inc\u00eandio em uma parte de sua unidade em Carambe\u00ed, no <strong><a href=\"https:\/\/www.canalrural.com.br\/nacional\/parana\/\">Paran\u00e1<\/a><\/strong> nesta quinta-feira (1\u00b0). Segundo a empresa, as chamas foram controladas e n\u00e3o houve fatalidades, com todos os colaboradores seguros.<\/p>\n<p>Em comunicado enviado \u00e0 Comiss\u00e3o de Valores Mobili\u00e1rios (CVM), a empresa diz que as atividades da unidade est\u00e3o suspensas temporariamente enquanto a companhia avalia os impactos econ\u00f4micos do incidente.<\/p>\n<p><em>Confira na palma da m\u00e3o informa\u00e7\u00f5es quentes sobre agricultura, pecu\u00e1ria, economia e previs\u00e3o do tempo: <\/em><a href=\"https:\/\/www.whatsapp.com\/channel\/0029Va9VnZxGk1FplZjiW43k\"><strong>siga o Canal Rural no WhatsApp<\/strong><\/a>!<\/p>\n<p>Confira o momento em que as chamas toma conta do edif\u00edcio:<\/p>\n<div class=\"wp-block-embed__wrapper\">\n<\/div>\n<p>Nas imagens \u00e9 poss\u00edvel perceber que o inc\u00eandio tomou grande propor\u00e7\u00f5es, enquanto colaboradores deixam o local.<\/p>\n<p>A BRF ainda afirmou que tem seguro para este tipo de evento e j\u00e1 est\u00e1 redirecionando a produ\u00e7\u00e3o para outras unidades.<\/p>\n<p>Entramos em contato com o 2\u00b0 Grupamento de Bombeiros de Ponta Grossa, que realizou o controle das chamas na unidade, mas n\u00e3o obtivemos retorno.<\/p>\n<p>O post <a href=\"https:\/\/www.canalrural.com.br\/nacional\/brf-informa-sobre-incendio-em-uma-parte-de-sua-unidade-de-carambei-no-parana\/\">V\u00cdDEO: inc\u00eandio atinge frigor\u00edfico de frangos no Paran\u00e1<\/a> apareceu primeiro em <a href=\"https:\/\/www.canalrural.com.br\/\">Canal Rural<\/a>.<\/p>","protected":false},"excerpt":{"rendered":"<p>A BRF informou que ocorreu um inc\u00eandio em uma parte de sua unidade em Carambe\u00ed, no Paran\u00e1 nesta quinta-feira (1\u00b0). Segundo a empresa, as chamas foram controladas e n\u00e3o houve fatalidades, com todos os colaboradores seguros. Em comunicado enviado \u00e0 Comiss\u00e3o de Valores Mobili\u00e1rios (CVM), a empresa diz que as atividades da unidade est\u00e3o suspensas temporariamente enquanto a companhia avalia os impactos econ\u00f4micos do incidente. Confira na palma da m\u00e3o informa\u00e7\u00f5es quentes sobre agricultura, pecu\u00e1ria, economia e previs\u00e3o do tempo: siga o Canal Rural no WhatsApp! Confira o momento em que as chamas toma conta do edif\u00edcio: Nas imagens \u00e9 poss\u00edvel perceber que o inc\u00eandio tomou grande propor\u00e7\u00f5es, enquanto colaboradores deixam o local. A BRF ainda afirmou que tem seguro para este tipo de evento e j\u00e1 est\u00e1 redirecionando a produ\u00e7\u00e3o para outras unidades. Entramos em contato com o 2\u00b0 Grupamento de Bombeiros de Ponta Grossa, que realizou o controle das chamas na unidade, mas n\u00e3o obtivemos retorno. O post V\u00cdDEO: inc\u00eandio atinge frigor\u00edfico de frangos no Paran\u00e1 apareceu primeiro em Canal Rural.<\/p>\n","protected":false},"author":0,"featured_media":0,"comment_status":"open","ping_status":"open","sticky":false,"template":"","format":"standard","meta":{"_monsterinsights_skip_tracking":false,"_monsterinsights_sitenote_active":false,"_monsterinsights_sitenote_note":"","_monsterinsights_sitenote_category":0,"footnotes":""},"categories":[1],"tags":[],"class_list":["post-1020","post","type-post","status-publish","format-standard","hentry","category-agronegocio"],"_links":{"self":[{"href":"https:\/\/senhorafrutta.com.br\/index.php\/wp-json\/wp\/v2\/posts\/1020","targetHints":{"allow":["GET"]}}],"collection":[{"href":"https:\/\/senhorafrutta.com.br\/index.php\/wp-json\/wp\/v2\/posts"}],"about":[{"href":"https:\/\/senhorafrutta.com.br\/index.php\/wp-json\/wp\/v2\/types\/post"}],"replies":[{"embeddable":true,"href":"https:\/\/senhorafrutta.com.br\/index.php\/wp-json\/wp\/v2\/comments?post=1020"}],"version-history":[{"count":0,"href":"https:\/\/senhorafrutta.com.br\/index.php\/wp-json\/wp\/v2\/posts\/1020\/revisions"}],"wp:attachment":[{"href":"https:\/\/senhorafrutta.com.br\/index.php\/wp-json\/wp\/v2\/media?parent=1020"}],"wp:term":[{"taxonomy":"category","embeddable":true,"href":"https:\/\/senhorafrutta.com.br\/index.php\/wp-json\/wp\/v2\/categories?post=1020"},{"taxonomy":"post_tag","embeddable":true,"href":"https:\/\/senhorafrutta.com.br\/index.php\/wp-json\/wp\/v2\/tags?post=1020"}],"curies":[{"name":"wp","href":"https:\/\/api.w.org\/{rel}","templated":true}]}}