{"id":1018,"date":"2024-08-02T17:49:03","date_gmt":"2024-08-02T17:49:03","guid":{"rendered":"https:\/\/senhorafrutta.com.br\/index.php\/2024\/08\/02\/agricultores-gauchos-se-reerguem-apos-destruicao\/"},"modified":"2024-08-02T17:49:03","modified_gmt":"2024-08-02T17:49:03","slug":"agricultores-gauchos-se-reerguem-apos-destruicao","status":"publish","type":"post","link":"https:\/\/senhorafrutta.com.br\/index.php\/2024\/08\/02\/agricultores-gauchos-se-reerguem-apos-destruicao\/","title":{"rendered":"Agricultores ga\u00fachos se reerguem ap\u00f3s destrui\u00e7\u00e3o"},"content":{"rendered":"<div>Foto: Reprodu\u00e7\u00e3o\/Redes Sociais\n<\/div>\n<p>Neste ano, o <a href=\"https:\/\/www.canalrural.com.br\/agricultura\/canal-rural-apresenta-a-trajetoria-da-familia-pradella-na-agricultura-brasileira\/\">Dia do Agricultor<\/a> no Rio Grande do Sul foi marcado por um cen\u00e1rio de destrui\u00e7\u00e3o e incertezas ap\u00f3s uma enchente hist\u00f3rica. Com uma produ\u00e7\u00e3o agropecu\u00e1ria que desponta no pa\u00eds, o estado tem grande import\u00e2ncia econ\u00f4mica e nas origens da nossa agricultura. No sexto e \u00faltimo epis\u00f3dio da s\u00e9rie \u201c<em>Agricultores do Brasil<\/em>\u201c, conhecemos hist\u00f3rias de resili\u00eancia, como a de <strong>M\u00e1rcio Piccinini<\/strong>, agricultor de Roca Sales, no Vale do Taquari.<\/p>\n<div class=\"wp-block-embed__wrapper\">\n<\/div>\n<p><em>Confira na palma da m\u00e3o informa\u00e7\u00f5es quentes sobre agricultura, pecu\u00e1ria, economia e previs\u00e3o do tempo: <\/em><a href=\"https:\/\/www.whatsapp.com\/channel\/0029Va9VnZxGk1FplZjiW43k\"><strong>siga o Canal Rural no WhatsApp<\/strong><\/a>!<\/p>\n<p>A enchente de maio deixou marcas profundas em 478 munic\u00edpios ga\u00fachos, muitos dos quais t\u00eam a agricultura como atividade principal. Piccinini, que cultiva milho e soja, perdeu 190 hectares de soja e 50 hectares de milho, al\u00e9m de enfrentar a destrui\u00e7\u00e3o de suas estruturas. \u201cEssa vez o maquin\u00e1rio a gente conseguiu salvar, mas perdemos as lavouras\u201d, relata M\u00e1rcio, evidenciando a gravidade da situa\u00e7\u00e3o.<\/p>\n<p>As intensas chuvas afetaram a germina\u00e7\u00e3o de forrageiras de inverno, como azev\u00e9m e aveia, comprometendo a alimenta\u00e7\u00e3o do gado at\u00e9 a primavera. \u201cCom o excesso de umidade e a falta de luz, a gente n\u00e3o tem forragem at\u00e9 a primavera\u201d, explica ele, destacando a necessidade urgente de recupera\u00e7\u00e3o do solo e reestrutura\u00e7\u00e3o da fertilidade.<\/p>\n<p>Apesar das adversidades, a for\u00e7a e a determina\u00e7\u00e3o dos agricultores ga\u00fachos se mant\u00eam firmes. \u201cHoje n\u00f3s n\u00e3o conseguimos mais continuar na atividade, e n\u00f3s n\u00e3o estamos pedindo nada de gra\u00e7a. Estamos pedindo um jeito de pagar nossas d\u00edvidas e honrar nossos compromissos\u201d, desabafa M\u00e1rcio, refor\u00e7ando a necessidade de apoio para superar os desafios e seguir em frente.<\/p>\n<p>Nesta semana do Agricultor, ou em qualquer outra data do ano, a agricultura est\u00e1 no sangue do ga\u00facho, mesmo diante de uma realidade desafiadora. A resili\u00eancia e a uni\u00e3o dos produtores s\u00e3o fundamentais para reerguer a produ\u00e7\u00e3o e garantir a continuidade da agropecu\u00e1ria no Rio Grande do Sul.<\/p>\n<p>O post <a href=\"https:\/\/www.canalrural.com.br\/agricultura\/agricultores-gauchos-se-reerguem-apos-destruicao\/\">Agricultores ga\u00fachos se reerguem ap\u00f3s destrui\u00e7\u00e3o<\/a> apareceu primeiro em <a href=\"https:\/\/www.canalrural.com.br\/\">Canal Rural<\/a>.<\/p>","protected":false},"excerpt":{"rendered":"<p>Foto: Reprodu\u00e7\u00e3o\/Redes Sociais Neste ano, o Dia do Agricultor no Rio Grande do Sul foi marcado por um cen\u00e1rio de destrui\u00e7\u00e3o e incertezas ap\u00f3s uma enchente hist\u00f3rica. Com uma produ\u00e7\u00e3o agropecu\u00e1ria que desponta no pa\u00eds, o estado tem grande import\u00e2ncia econ\u00f4mica e nas origens da nossa agricultura. No sexto e \u00faltimo epis\u00f3dio da s\u00e9rie \u201cAgricultores do Brasil\u201c, conhecemos hist\u00f3rias de resili\u00eancia, como a de M\u00e1rcio Piccinini, agricultor de Roca Sales, no Vale do Taquari. Confira na palma da m\u00e3o informa\u00e7\u00f5es quentes sobre agricultura, pecu\u00e1ria, economia e previs\u00e3o do tempo: siga o Canal Rural no WhatsApp! A enchente de maio deixou marcas profundas em 478 munic\u00edpios ga\u00fachos, muitos dos quais t\u00eam a agricultura como atividade principal. Piccinini, que cultiva milho e soja, perdeu 190 hectares de soja e 50 hectares de milho, al\u00e9m de enfrentar a destrui\u00e7\u00e3o de suas estruturas. \u201cEssa vez o maquin\u00e1rio a gente conseguiu salvar, mas perdemos as lavouras\u201d, relata M\u00e1rcio, evidenciando a gravidade da situa\u00e7\u00e3o. As intensas chuvas afetaram a germina\u00e7\u00e3o de forrageiras de inverno, como azev\u00e9m e aveia, comprometendo a alimenta\u00e7\u00e3o do gado at\u00e9 a primavera. \u201cCom o excesso de umidade e a falta de luz, a gente n\u00e3o tem forragem at\u00e9 a primavera\u201d, explica ele, destacando a necessidade urgente de recupera\u00e7\u00e3o do solo e reestrutura\u00e7\u00e3o da fertilidade. Apesar das adversidades, a for\u00e7a e a determina\u00e7\u00e3o dos agricultores ga\u00fachos se mant\u00eam firmes. \u201cHoje n\u00f3s n\u00e3o conseguimos mais continuar na atividade, e n\u00f3s n\u00e3o estamos pedindo nada de gra\u00e7a. Estamos pedindo um jeito de pagar nossas d\u00edvidas e honrar nossos compromissos\u201d, desabafa M\u00e1rcio, refor\u00e7ando a necessidade de apoio para superar os desafios e seguir em frente. Nesta semana do Agricultor, ou em qualquer outra data do ano, a agricultura est\u00e1 no sangue do ga\u00facho, mesmo diante de uma realidade desafiadora. A resili\u00eancia e a uni\u00e3o dos produtores s\u00e3o fundamentais para reerguer a produ\u00e7\u00e3o e garantir a continuidade da agropecu\u00e1ria no Rio Grande do Sul. O post Agricultores ga\u00fachos se reerguem ap\u00f3s destrui\u00e7\u00e3o apareceu primeiro em Canal Rural.<\/p>\n","protected":false},"author":0,"featured_media":0,"comment_status":"open","ping_status":"open","sticky":false,"template":"","format":"standard","meta":{"_monsterinsights_skip_tracking":false,"_monsterinsights_sitenote_active":false,"_monsterinsights_sitenote_note":"","_monsterinsights_sitenote_category":0,"footnotes":""},"categories":[1],"tags":[],"class_list":["post-1018","post","type-post","status-publish","format-standard","hentry","category-agronegocio"],"_links":{"self":[{"href":"https:\/\/senhorafrutta.com.br\/index.php\/wp-json\/wp\/v2\/posts\/1018","targetHints":{"allow":["GET"]}}],"collection":[{"href":"https:\/\/senhorafrutta.com.br\/index.php\/wp-json\/wp\/v2\/posts"}],"about":[{"href":"https:\/\/senhorafrutta.com.br\/index.php\/wp-json\/wp\/v2\/types\/post"}],"replies":[{"embeddable":true,"href":"https:\/\/senhorafrutta.com.br\/index.php\/wp-json\/wp\/v2\/comments?post=1018"}],"version-history":[{"count":0,"href":"https:\/\/senhorafrutta.com.br\/index.php\/wp-json\/wp\/v2\/posts\/1018\/revisions"}],"wp:attachment":[{"href":"https:\/\/senhorafrutta.com.br\/index.php\/wp-json\/wp\/v2\/media?parent=1018"}],"wp:term":[{"taxonomy":"category","embeddable":true,"href":"https:\/\/senhorafrutta.com.br\/index.php\/wp-json\/wp\/v2\/categories?post=1018"},{"taxonomy":"post_tag","embeddable":true,"href":"https:\/\/senhorafrutta.com.br\/index.php\/wp-json\/wp\/v2\/tags?post=1018"}],"curies":[{"name":"wp","href":"https:\/\/api.w.org\/{rel}","templated":true}]}}