{"id":1017,"date":"2024-08-02T18:43:35","date_gmt":"2024-08-02T18:43:35","guid":{"rendered":"https:\/\/senhorafrutta.com.br\/index.php\/2024\/08\/02\/costa-rica-abre-mercado-para-exportacao-de-abacate-do-brasil\/"},"modified":"2024-08-02T18:43:35","modified_gmt":"2024-08-02T18:43:35","slug":"costa-rica-abre-mercado-para-exportacao-de-abacate-do-brasil","status":"publish","type":"post","link":"https:\/\/senhorafrutta.com.br\/index.php\/2024\/08\/02\/costa-rica-abre-mercado-para-exportacao-de-abacate-do-brasil\/","title":{"rendered":"Costa Rica abre mercado para exporta\u00e7\u00e3o de abacate do Brasil"},"content":{"rendered":"<div>Foto: Pixabay<\/div>\n<p>O Brasil poder\u00e1 exportar abacate para a <strong><a href=\"http:\/\/www.canalrural.com.br\/tag\/costa-rica\/\">Costa Rica<\/a><\/strong>, disse o ministro da Agricultura, Carlos F\u00e1varo. Segundo ele, a abertura foi comunicada ao presidente da Rep\u00fablica, Luiz In\u00e1cio Lula da Silva, em evento em V\u00e1rzea Grande (MT), na quarta-feira (31).<\/p>\n<p><em>Confira na palma da m\u00e3o informa\u00e7\u00f5es quentes sobre agricultura, pecu\u00e1ria, economia e previs\u00e3o do tempo:<\/em><a href=\"https:\/\/whatsapp.com\/channel\/0029Va9VnZxGk1FplZjiW43k\"><em> <\/em><strong><em>siga o Canal Rural no WhatsApp!<\/em><\/strong><\/a><\/p>\n<p>\u201cAlcan\u00e7amos 167 mercados abertos e temos o desafio colocado pelo presidente Lula de chegar a 200 novos mercados em dois anos de mandato\u201d, disse F\u00e1varo, durante evento para apresenta\u00e7\u00e3o dos resultados do TerraClass, na Empresa Brasileira de Pesquisa Agropecu\u00e1ria <strong><a href=\"http:\/\/www.canalrural.com.br\/tag\/embrapa\/\">(Embrapa)<\/a><\/strong>, em Bras\u00edlia (DF).<\/p>\n<p>Lula disse na quarta que o governo pretende alcan\u00e7ar 200 novos mercados para produtos agropecu\u00e1rios. Neste ano, o pa\u00eds acumula 89 aberturas de mercado para produtos agropecu\u00e1rios.<\/p>\n<p>Segundo o Minist\u00e9rio da Agricultura, foi a terceira abertura de mercado, em 2024, para a Costa Rica.<\/p>\n<p>O pa\u00eds da Am\u00e9rica Central \u00e9 um importante destino para os produtos do agroneg\u00f3cio brasileiro. No primeiro semestre deste ano, as exporta\u00e7\u00f5es agr\u00edcolas do Brasil para aquele mercado somaram US$ 153 milh\u00f5es.<\/p>\n<p>Em fevereiro, o Brasil obteve a abertura do mercado costarriquenho para exportar produtos \u00e0 base de c\u00e9lulas-tronco mesenquimais de c\u00e3es, gatos e equinos com finalidade terap\u00eautica. Em julho, foi aberto o mercado para exporta\u00e7\u00e3o de equinos vivos.<\/p>\n<p>O post <a href=\"https:\/\/www.canalrural.com.br\/agricultura\/costa-rica-abre-mercado-para-exportacao-de-abacate-do-brasil\/\">Costa Rica abre mercado para exporta\u00e7\u00e3o de abacate do Brasil<\/a> apareceu primeiro em <a href=\"https:\/\/www.canalrural.com.br\/\">Canal Rural<\/a>.<\/p>","protected":false},"excerpt":{"rendered":"<p>Foto: Pixabay O Brasil poder\u00e1 exportar abacate para a Costa Rica, disse o ministro da Agricultura, Carlos F\u00e1varo. Segundo ele, a abertura foi comunicada ao presidente da Rep\u00fablica, Luiz In\u00e1cio Lula da Silva, em evento em V\u00e1rzea Grande (MT), na quarta-feira (31). Confira na palma da m\u00e3o informa\u00e7\u00f5es quentes sobre agricultura, pecu\u00e1ria, economia e previs\u00e3o do tempo: siga o Canal Rural no WhatsApp! \u201cAlcan\u00e7amos 167 mercados abertos e temos o desafio colocado pelo presidente Lula de chegar a 200 novos mercados em dois anos de mandato\u201d, disse F\u00e1varo, durante evento para apresenta\u00e7\u00e3o dos resultados do TerraClass, na Empresa Brasileira de Pesquisa Agropecu\u00e1ria (Embrapa), em Bras\u00edlia (DF). Lula disse na quarta que o governo pretende alcan\u00e7ar 200 novos mercados para produtos agropecu\u00e1rios. Neste ano, o pa\u00eds acumula 89 aberturas de mercado para produtos agropecu\u00e1rios. Segundo o Minist\u00e9rio da Agricultura, foi a terceira abertura de mercado, em 2024, para a Costa Rica. O pa\u00eds da Am\u00e9rica Central \u00e9 um importante destino para os produtos do agroneg\u00f3cio brasileiro. No primeiro semestre deste ano, as exporta\u00e7\u00f5es agr\u00edcolas do Brasil para aquele mercado somaram US$ 153 milh\u00f5es. Em fevereiro, o Brasil obteve a abertura do mercado costarriquenho para exportar produtos \u00e0 base de c\u00e9lulas-tronco mesenquimais de c\u00e3es, gatos e equinos com finalidade terap\u00eautica. Em julho, foi aberto o mercado para exporta\u00e7\u00e3o de equinos vivos. O post Costa Rica abre mercado para exporta\u00e7\u00e3o de abacate do Brasil apareceu primeiro em Canal Rural.<\/p>\n","protected":false},"author":0,"featured_media":0,"comment_status":"open","ping_status":"open","sticky":false,"template":"","format":"standard","meta":{"_monsterinsights_skip_tracking":false,"_monsterinsights_sitenote_active":false,"_monsterinsights_sitenote_note":"","_monsterinsights_sitenote_category":0,"footnotes":""},"categories":[1],"tags":[],"class_list":["post-1017","post","type-post","status-publish","format-standard","hentry","category-agronegocio"],"_links":{"self":[{"href":"https:\/\/senhorafrutta.com.br\/index.php\/wp-json\/wp\/v2\/posts\/1017","targetHints":{"allow":["GET"]}}],"collection":[{"href":"https:\/\/senhorafrutta.com.br\/index.php\/wp-json\/wp\/v2\/posts"}],"about":[{"href":"https:\/\/senhorafrutta.com.br\/index.php\/wp-json\/wp\/v2\/types\/post"}],"replies":[{"embeddable":true,"href":"https:\/\/senhorafrutta.com.br\/index.php\/wp-json\/wp\/v2\/comments?post=1017"}],"version-history":[{"count":0,"href":"https:\/\/senhorafrutta.com.br\/index.php\/wp-json\/wp\/v2\/posts\/1017\/revisions"}],"wp:attachment":[{"href":"https:\/\/senhorafrutta.com.br\/index.php\/wp-json\/wp\/v2\/media?parent=1017"}],"wp:term":[{"taxonomy":"category","embeddable":true,"href":"https:\/\/senhorafrutta.com.br\/index.php\/wp-json\/wp\/v2\/categories?post=1017"},{"taxonomy":"post_tag","embeddable":true,"href":"https:\/\/senhorafrutta.com.br\/index.php\/wp-json\/wp\/v2\/tags?post=1017"}],"curies":[{"name":"wp","href":"https:\/\/api.w.org\/{rel}","templated":true}]}}