{"id":1011,"date":"2024-08-01T20:39:52","date_gmt":"2024-08-01T20:39:52","guid":{"rendered":"https:\/\/senhorafrutta.com.br\/index.php\/2024\/08\/01\/ciclone-vai-provocar-onda-de-frio-veja-quando-e-onde\/"},"modified":"2024-08-01T20:39:52","modified_gmt":"2024-08-01T20:39:52","slug":"ciclone-vai-provocar-onda-de-frio-veja-quando-e-onde","status":"publish","type":"post","link":"https:\/\/senhorafrutta.com.br\/index.php\/2024\/08\/01\/ciclone-vai-provocar-onda-de-frio-veja-quando-e-onde\/","title":{"rendered":"Ciclone vai provocar onda de frio; veja quando e onde"},"content":{"rendered":"<div>Foto: Pixabay<\/div>\n<p>Uma frente fria avan\u00e7ar\u00e1 sobre o <strong><a href=\"https:\/\/www.canalrural.com.br\/nacional\/rio-grande-do-sul\/\">Rio Grande do Sul<\/a><\/strong> no pr\u00f3ximo fim de semana. Esse sistema n\u00e3o causar\u00e1 impactos significativos em Santa Catarina e n\u00e3o deve avan\u00e7ar para o Paran\u00e1. A previs\u00e3o \u00e9 de chuva entre 20 e 30 mm, o que n\u00e3o deve prejudicar os trabalhos no campo, mas pode vir acompanhada de temporais, granizo e rajadas de vento intensas.<\/p>\n<p><em>Confira na palma da m\u00e3o informa\u00e7\u00f5es quentes sobre agricultura, pecu\u00e1ria, economia e previs\u00e3o do tempo:<\/em><a href=\"https:\/\/whatsapp.com\/channel\/0029Va9VnZxGk1FplZjiW43k\"><em> <\/em><strong><em>siga o Canal Rural no WhatsApp!<\/em><\/strong><\/a><\/p>\n<p>Na pr\u00f3xima semana, no entanto, h\u00e1 previs\u00e3o de uma mudan\u00e7a mais intensa no tempo. De acordo com o meteorologista do Canal Rural, Arthur M\u00fcller, um ciclone vai se formar no Atl\u00e2ntico Sul, provocando uma onda de frio no Centro-Sul.<\/p>\n<p>O sistema vai romper ao menos parcialmente o bloqueio atmosf\u00e9rico, baixando a temperatura e levando chuva a algumas \u00e1reas dessa faixa do pa\u00eds.<\/p>\n<p>A regi\u00e3o Sul, em particular o Rio Grande do Sul, j\u00e1 come\u00e7a a sentir a queda de temperatura no in\u00edcio da semana que vem, com os term\u00f4metros em baixa durante pelo menos uns cinco dias. <\/p>\n<p>Por\u00e9m, a onda de frio deve chegar tamb\u00e9m a \u00e1reas do Sudeste e do Centro-Oeste. At\u00e9 o interior de S\u00e3o Paulo ser\u00e1 atingido. No munic\u00edpio paulista de Itapeva, por exemplo, a m\u00ednima deve cair para 5 \u00baC entre os dias 9 e 10 de agosto, apresentando um risco baixo de geada. <\/p>\n<p>No sul de Mato Grosso do Sul, como em Navira\u00ed, a m\u00ednima pode cair para 6 \u00baC tamb\u00e9m por volta do dia 10. Ap\u00f3s essa data, a temperatura dever\u00e1 subir gradativamente no Sudeste e no Centro-Oeste.<\/p>\n<p>O post <a href=\"https:\/\/www.canalrural.com.br\/tempo\/ciclone-vai-provocar-onda-de-frio-veja-quando-e-onde\/\">Ciclone vai provocar onda de frio; veja quando e onde<\/a> apareceu primeiro em <a href=\"https:\/\/www.canalrural.com.br\/\">Canal Rural<\/a>.<\/p>","protected":false},"excerpt":{"rendered":"<p>Foto: Pixabay Uma frente fria avan\u00e7ar\u00e1 sobre o Rio Grande do Sul no pr\u00f3ximo fim de semana. Esse sistema n\u00e3o causar\u00e1 impactos significativos em Santa Catarina e n\u00e3o deve avan\u00e7ar para o Paran\u00e1. A previs\u00e3o \u00e9 de chuva entre 20 e 30 mm, o que n\u00e3o deve prejudicar os trabalhos no campo, mas pode vir acompanhada de temporais, granizo e rajadas de vento intensas. Confira na palma da m\u00e3o informa\u00e7\u00f5es quentes sobre agricultura, pecu\u00e1ria, economia e previs\u00e3o do tempo: siga o Canal Rural no WhatsApp! Na pr\u00f3xima semana, no entanto, h\u00e1 previs\u00e3o de uma mudan\u00e7a mais intensa no tempo. De acordo com o meteorologista do Canal Rural, Arthur M\u00fcller, um ciclone vai se formar no Atl\u00e2ntico Sul, provocando uma onda de frio no Centro-Sul. O sistema vai romper ao menos parcialmente o bloqueio atmosf\u00e9rico, baixando a temperatura e levando chuva a algumas \u00e1reas dessa faixa do pa\u00eds. A regi\u00e3o Sul, em particular o Rio Grande do Sul, j\u00e1 come\u00e7a a sentir a queda de temperatura no in\u00edcio da semana que vem, com os term\u00f4metros em baixa durante pelo menos uns cinco dias. Por\u00e9m, a onda de frio deve chegar tamb\u00e9m a \u00e1reas do Sudeste e do Centro-Oeste. At\u00e9 o interior de S\u00e3o Paulo ser\u00e1 atingido. No munic\u00edpio paulista de Itapeva, por exemplo, a m\u00ednima deve cair para 5 \u00baC entre os dias 9 e 10 de agosto, apresentando um risco baixo de geada. No sul de Mato Grosso do Sul, como em Navira\u00ed, a m\u00ednima pode cair para 6 \u00baC tamb\u00e9m por volta do dia 10. Ap\u00f3s essa data, a temperatura dever\u00e1 subir gradativamente no Sudeste e no Centro-Oeste. O post Ciclone vai provocar onda de frio; veja quando e onde apareceu primeiro em Canal Rural.<\/p>\n","protected":false},"author":0,"featured_media":0,"comment_status":"open","ping_status":"open","sticky":false,"template":"","format":"standard","meta":{"_monsterinsights_skip_tracking":false,"_monsterinsights_sitenote_active":false,"_monsterinsights_sitenote_note":"","_monsterinsights_sitenote_category":0,"footnotes":""},"categories":[1],"tags":[],"class_list":["post-1011","post","type-post","status-publish","format-standard","hentry","category-agronegocio"],"_links":{"self":[{"href":"https:\/\/senhorafrutta.com.br\/index.php\/wp-json\/wp\/v2\/posts\/1011","targetHints":{"allow":["GET"]}}],"collection":[{"href":"https:\/\/senhorafrutta.com.br\/index.php\/wp-json\/wp\/v2\/posts"}],"about":[{"href":"https:\/\/senhorafrutta.com.br\/index.php\/wp-json\/wp\/v2\/types\/post"}],"replies":[{"embeddable":true,"href":"https:\/\/senhorafrutta.com.br\/index.php\/wp-json\/wp\/v2\/comments?post=1011"}],"version-history":[{"count":0,"href":"https:\/\/senhorafrutta.com.br\/index.php\/wp-json\/wp\/v2\/posts\/1011\/revisions"}],"wp:attachment":[{"href":"https:\/\/senhorafrutta.com.br\/index.php\/wp-json\/wp\/v2\/media?parent=1011"}],"wp:term":[{"taxonomy":"category","embeddable":true,"href":"https:\/\/senhorafrutta.com.br\/index.php\/wp-json\/wp\/v2\/categories?post=1011"},{"taxonomy":"post_tag","embeddable":true,"href":"https:\/\/senhorafrutta.com.br\/index.php\/wp-json\/wp\/v2\/tags?post=1011"}],"curies":[{"name":"wp","href":"https:\/\/api.w.org\/{rel}","templated":true}]}}