{"id":1010,"date":"2024-08-01T21:00:52","date_gmt":"2024-08-01T21:00:52","guid":{"rendered":"https:\/\/senhorafrutta.com.br\/index.php\/2024\/08\/01\/vazio-sanitario-para-o-algodao-em-sao-paulo-comeca-hoje\/"},"modified":"2024-08-01T21:00:52","modified_gmt":"2024-08-01T21:00:52","slug":"vazio-sanitario-para-o-algodao-em-sao-paulo-comeca-hoje","status":"publish","type":"post","link":"https:\/\/senhorafrutta.com.br\/index.php\/2024\/08\/01\/vazio-sanitario-para-o-algodao-em-sao-paulo-comeca-hoje\/","title":{"rendered":"Vazio sanit\u00e1rio para o algod\u00e3o em S\u00e3o Paulo come\u00e7a hoje"},"content":{"rendered":"<div>Foto: Sebasti\u00e3o de Ara\u00fajo\/Embrapa<\/div>\n<p>O per\u00edodo de vazio sanit\u00e1rio para algod\u00e3o no estado de S\u00e3o Paulo come\u00e7a nesta quinta-feira (1\u00ba) e vai at\u00e9 30 de setembro. A medida, que visa o controle fitossanit\u00e1rio do bicudo-do-algodoeiro (Anthonomus grandis), prev\u00ea que nesse per\u00edodo o produtor deve manter a \u00e1rea livre de plantas e res\u00edduos da cultura.<\/p>\n<p><em>Confira na palma da m\u00e3o informa\u00e7\u00f5es quentes sobre agricultura, pecu\u00e1ria, economia e previs\u00e3o do tempo:<\/em><a href=\"https:\/\/whatsapp.com\/channel\/0029Va9VnZxGk1FplZjiW43k\"><em> <\/em><strong><em>siga o Canal Rural no WhatsApp!<\/em><\/strong><\/a><\/p>\n<p>O bicudo-do-algodoeiro \u00e9 uma praga com alto potencial de destrui\u00e7\u00e3o, podendo causar danos em diferentes partes da planta.<\/p>\n<p>\u201cO objetivo desta pr\u00e1tica \u00e9 eliminar e controlar de forma eficiente a fonte de alimento para os insetos, reduzindo consequentemente as popula\u00e7\u00f5es dessa praga para manter a sanidade da safra seguinte\u201d, afirma Jucileia Wagatsuma, engenheira agr\u00f4noma e gerente do Programa Estadual de Vigil\u00e2ncia Fitossanit\u00e1ria da Coordenadoria de Defesa Agropecu\u00e1ria (CDA) do estado.<\/p>\n<p>Segundo indica\u00e7\u00e3o da Secretaria de Agricultura de S\u00e3o Paulo, para que o vazio sanit\u00e1rio do algod\u00e3o seja eficiente, \u00e9 importante que o produtor fa\u00e7a a completa elimina\u00e7\u00e3o da cultura, com a destrui\u00e7\u00e3o das soqueiras, ficando atento aos poss\u00edveis rebrotes das plantas, uma vez que se trata de uma esp\u00e9cie perene de dif\u00edcil destrui\u00e7\u00e3o.<\/p>\n<p>O post <a href=\"https:\/\/www.canalrural.com.br\/agricultura\/vazio-sanitario-para-o-algodao-em-sao-paulo-comeca-hoje\/\">Vazio sanit\u00e1rio para o algod\u00e3o em S\u00e3o Paulo come\u00e7a hoje<\/a> apareceu primeiro em <a href=\"https:\/\/www.canalrural.com.br\/\">Canal Rural<\/a>.<\/p>","protected":false},"excerpt":{"rendered":"<p>Foto: Sebasti\u00e3o de Ara\u00fajo\/Embrapa O per\u00edodo de vazio sanit\u00e1rio para algod\u00e3o no estado de S\u00e3o Paulo come\u00e7a nesta quinta-feira (1\u00ba) e vai at\u00e9 30 de setembro. A medida, que visa o controle fitossanit\u00e1rio do bicudo-do-algodoeiro (Anthonomus grandis), prev\u00ea que nesse per\u00edodo o produtor deve manter a \u00e1rea livre de plantas e res\u00edduos da cultura. Confira na palma da m\u00e3o informa\u00e7\u00f5es quentes sobre agricultura, pecu\u00e1ria, economia e previs\u00e3o do tempo: siga o Canal Rural no WhatsApp! O bicudo-do-algodoeiro \u00e9 uma praga com alto potencial de destrui\u00e7\u00e3o, podendo causar danos em diferentes partes da planta. \u201cO objetivo desta pr\u00e1tica \u00e9 eliminar e controlar de forma eficiente a fonte de alimento para os insetos, reduzindo consequentemente as popula\u00e7\u00f5es dessa praga para manter a sanidade da safra seguinte\u201d, afirma Jucileia Wagatsuma, engenheira agr\u00f4noma e gerente do Programa Estadual de Vigil\u00e2ncia Fitossanit\u00e1ria da Coordenadoria de Defesa Agropecu\u00e1ria (CDA) do estado. Segundo indica\u00e7\u00e3o da Secretaria de Agricultura de S\u00e3o Paulo, para que o vazio sanit\u00e1rio do algod\u00e3o seja eficiente, \u00e9 importante que o produtor fa\u00e7a a completa elimina\u00e7\u00e3o da cultura, com a destrui\u00e7\u00e3o das soqueiras, ficando atento aos poss\u00edveis rebrotes das plantas, uma vez que se trata de uma esp\u00e9cie perene de dif\u00edcil destrui\u00e7\u00e3o. O post Vazio sanit\u00e1rio para o algod\u00e3o em S\u00e3o Paulo come\u00e7a hoje apareceu primeiro em Canal Rural.<\/p>\n","protected":false},"author":0,"featured_media":0,"comment_status":"open","ping_status":"open","sticky":false,"template":"","format":"standard","meta":{"_monsterinsights_skip_tracking":false,"_monsterinsights_sitenote_active":false,"_monsterinsights_sitenote_note":"","_monsterinsights_sitenote_category":0,"footnotes":""},"categories":[1],"tags":[],"class_list":["post-1010","post","type-post","status-publish","format-standard","hentry","category-agronegocio"],"_links":{"self":[{"href":"https:\/\/senhorafrutta.com.br\/index.php\/wp-json\/wp\/v2\/posts\/1010","targetHints":{"allow":["GET"]}}],"collection":[{"href":"https:\/\/senhorafrutta.com.br\/index.php\/wp-json\/wp\/v2\/posts"}],"about":[{"href":"https:\/\/senhorafrutta.com.br\/index.php\/wp-json\/wp\/v2\/types\/post"}],"replies":[{"embeddable":true,"href":"https:\/\/senhorafrutta.com.br\/index.php\/wp-json\/wp\/v2\/comments?post=1010"}],"version-history":[{"count":0,"href":"https:\/\/senhorafrutta.com.br\/index.php\/wp-json\/wp\/v2\/posts\/1010\/revisions"}],"wp:attachment":[{"href":"https:\/\/senhorafrutta.com.br\/index.php\/wp-json\/wp\/v2\/media?parent=1010"}],"wp:term":[{"taxonomy":"category","embeddable":true,"href":"https:\/\/senhorafrutta.com.br\/index.php\/wp-json\/wp\/v2\/categories?post=1010"},{"taxonomy":"post_tag","embeddable":true,"href":"https:\/\/senhorafrutta.com.br\/index.php\/wp-json\/wp\/v2\/tags?post=1010"}],"curies":[{"name":"wp","href":"https:\/\/api.w.org\/{rel}","templated":true}]}}